{"id":127,"date":"2016-02-02T11:01:29","date_gmt":"2016-02-02T11:01:29","guid":{"rendered":"http:\/\/46.41.149.137\/tmfwarszawa\/?p=127"},"modified":"2017-08-04T09:12:49","modified_gmt":"2017-08-04T09:12:49","slug":"druzyny-zakwalifikowane-do-polfinalow","status":"publish","type":"post","link":"https:\/\/tmfwarszawa.pl\/index.php\/2016\/02\/02\/druzyny-zakwalifikowane-do-polfinalow\/","title":{"rendered":"Dru\u017cyny zakwalifikowane do p\u00f3\u0142fina\u0142\u00f3w"},"content":{"rendered":"<p>Do zawod\u00f3w p\u00f3\u0142fina\u0142owych Turnieju M\u0142odych Fizyk\u00f3w zosta\u0142y zakwalifikowane dru\u017cyny:<\/p>\n<h4>okr\u0119g Warszawski:<\/h4>\n<ul>\n<li>Klub Naukowy Fenix w Warszawie,<\/li>\n<li>Klub Amator\u00f3w Odkrywc\u00f3w Nauki w Bieczu,<\/li>\n<li>I Liceum Og\u00f3lnokszta\u0142c\u0105ce im. Boles\u0142awa Krzywoustego w S\u0142upsku (Szarych98),<\/li>\n<li>VIII Liceum Og\u00f3lnokszta\u0142c\u0105ce im KEN w Gda\u0144sku.<\/li>\n<\/ul>\n<h4>okr\u0119g Wroc\u0142awski:<\/h4>\n<ul>\n<li>Zesp\u00f3\u0142 Szk\u00f3\u0142 Og\u00f3lnokszta\u0142c\u0105cych Nr 5 we Wroc\u0142awiu,<\/li>\n<li>IV Liceum Og\u00f3lnokszta\u0142c\u0105ce im. Tadeusza Ko\u015bciuszki w Toruniu,<\/li>\n<li>V Liceum Og\u00f3lnokszta\u0142c\u0105ce im. Augusta Witkowskiego w Krakowie,<\/li>\n<li>VII Liceum Og\u00f3lnokszta\u0142c\u0105ce im. D\u0105br\u00f3wki w Poznaniu.<\/li>\n<\/ul>\n<p><!--more--><\/p>\n<p>Do zawod\u00f3w etapu korespondencyjnego zg\u0142osi\u0142o si\u0119 14 dru\u017cyn. Dru\u017cyny wybiera\u0142y okr\u0105g w kt\u00f3rym chc\u0105 uczestniczy\u0107 w zawodach p\u00f3\u0142fina\u0142owych. W tym roku dru\u017cyny mog\u0142y zg\u0142asza\u0107 si\u0119 do okr\u0119gu Warszawskiego i Wroc\u0142awskiego. Oba okr\u0119gi podj\u0119\u0142y decyzj\u0119 o zakwalifikowaniu czterech najlepszych dru\u017cyny, kt\u00f3re si\u0119 do nich zg\u0142osi\u0142y.<\/p>\n<h4>Dru\u017cyny ubiegaj\u0105ce si\u0119 o uczestnictwo w zawodach p\u00f3\u0142fina\u0142owych we Wroc\u0142awiu:<\/h4>\n<ul>\n<li><strong>Zesp\u00f3\u0142 Szk\u00f3\u0142 Og\u00f3lnokszta\u0142c\u0105cych Nr 5 we Wroc\u0142awiu,<\/strong><\/li>\n<li><strong>IV Liceum Og\u00f3lnokszta\u0142c\u0105ce im. Tadeusza Ko\u015bciuszki w Toruniu,<\/strong><\/li>\n<li><strong>V Liceum Og\u00f3lnokszta\u0142c\u0105ce im. Augusta Witkowskiego w Krakowie,<\/strong><\/li>\n<li><strong>VII Liceum Og\u00f3lnokszta\u0142c\u0105ce im. D\u0105br\u00f3wki w Poznaniu,<\/strong><\/li>\n<li>III Liceum Og\u00f3lnokszta\u0142c\u0105ce im. Adama Mickiewicza w Tarnowie,<\/li>\n<li>Akademickie Liceum Og\u00f3lnokszta\u0142c\u0105ce Politechniki Wroc\u0142awskiej,<\/li>\n<li>Liceum Og\u00f3lnokszta\u0142c\u0105ce nr 1 we Wroc\u0142awiu.<\/li>\n<\/ul>\n<h4>Dru\u017cyny ubiegaj\u0105ce si\u0119 o uczestnictwo w zawodach p\u00f3\u0142fina\u0142owych w Warszawie:<\/h4>\n<ul>\n<li><strong>Klub Naukowy Fenix w Warszawie,<\/strong><\/li>\n<li><strong>Klub Amator\u00f3w Odkrywc\u00f3w Nauki w Bieczu,<\/strong><\/li>\n<li><strong>I Liceum Og\u00f3lnokszta\u0142c\u0105ce im. Boles\u0142awa Krzywoustego w S\u0142upsku (Szarych98),<\/strong><\/li>\n<li><strong>VIII Liceum Og\u00f3lnokszta\u0142c\u0105ce im KEN w Gda\u0144sku,<\/strong><\/li>\n<li>III Liceum Og\u00f3lnokszta\u0142c\u0105ce im. Marynarki Wojennej RP w Gdyni,<\/li>\n<li>I Liceum Og\u00f3lnokszta\u0142c\u0105ce im. Boles\u0142awa Krzywoustego w S\u0142upsku (Kwant13),<\/li>\n<li>XXXV Liceum Og\u00f3lnokszta\u0142c\u0105ce im. Boles\u0142awa Prusa w Warszawie.<\/li>\n<\/ul>\n<h4>Zawody p\u00f3\u0142fina\u0142owe odb\u0119d\u0105 si\u0119:<\/h4>\n<ul>\n<li>27 lutego w Instytucie Fizyki Polskiej Akademii Nauk w Warszawie<\/li>\n<li>1 marca w Instytucie Fizyki Do\u015bwiadczalnej Uniwersytetu Wroc\u0142awskiego<\/li>\n<\/ul>\n","protected":false},"excerpt":{"rendered":"<p>Do zawod\u00f3w p\u00f3\u0142fina\u0142owych Turnieju M\u0142odych Fizyk\u00f3w zosta\u0142y zakwalifikowane dru\u017cyny: okr\u0119g Warszawski: Klub Naukowy Fenix w Warszawie, Klub Amator\u00f3w Odkrywc\u00f3w Nauki w Bieczu, I Liceum Og\u00f3lnokszta\u0142c\u0105ce im. Boles\u0142awa Krzywoustego w S\u0142upsku (Szarych98), VIII Liceum Og\u00f3lnokszta\u0142c\u0105ce im KEN w Gda\u0144sku. okr\u0119g Wroc\u0142awski: Zesp\u00f3\u0142 Szk\u00f3\u0142 Og\u00f3lnokszta\u0142c\u0105cych Nr 5 we Wroc\u0142awiu, IV Liceum Og\u00f3lnokszta\u0142c\u0105ce im. Tadeusza Ko\u015bciuszki w Toruniu, [&hellip;]<\/p>\n","protected":false},"author":1,"featured_media":169,"comment_status":"closed","ping_status":"open","sticky":false,"template":"","format":"standard","meta":{"jetpack_post_was_ever_published":false,"_jetpack_newsletter_access":"","_jetpack_dont_email_post_to_subs":false,"_jetpack_newsletter_tier_id":0,"_jetpack_memberships_contains_paywalled_content":false,"_jetpack_memberships_contains_paid_content":false,"footnotes":""},"categories":[3],"tags":[],"class_list":["post-127","post","type-post","status-publish","format-standard","has-post-thumbnail","hentry","category-iypt-2016"],"jetpack_featured_media_url":"https:\/\/i0.wp.com\/tmfwarszawa.pl\/wp-content\/uploads\/2016\/02\/credit_score1.jpg?fit=1200%2C635&ssl=1","jetpack_sharing_enabled":true,"jetpack_shortlink":"https:\/\/wp.me\/p4R8YU-23","jetpack-related-posts":[],"jetpack_likes_enabled":true,"_links":{"self":[{"href":"https:\/\/tmfwarszawa.pl\/index.php\/wp-json\/wp\/v2\/posts\/127","targetHints":{"allow":["GET"]}}],"collection":[{"href":"https:\/\/tmfwarszawa.pl\/index.php\/wp-json\/wp\/v2\/posts"}],"about":[{"href":"https:\/\/tmfwarszawa.pl\/index.php\/wp-json\/wp\/v2\/types\/post"}],"author":[{"embeddable":true,"href":"https:\/\/tmfwarszawa.pl\/index.php\/wp-json\/wp\/v2\/users\/1"}],"replies":[{"embeddable":true,"href":"https:\/\/tmfwarszawa.pl\/index.php\/wp-json\/wp\/v2\/comments?post=127"}],"version-history":[{"count":1,"href":"https:\/\/tmfwarszawa.pl\/index.php\/wp-json\/wp\/v2\/posts\/127\/revisions"}],"predecessor-version":[{"id":129,"href":"https:\/\/tmfwarszawa.pl\/index.php\/wp-json\/wp\/v2\/posts\/127\/revisions\/129"}],"wp:featuredmedia":[{"embeddable":true,"href":"https:\/\/tmfwarszawa.pl\/index.php\/wp-json\/wp\/v2\/media\/169"}],"wp:attachment":[{"href":"https:\/\/tmfwarszawa.pl\/index.php\/wp-json\/wp\/v2\/media?parent=127"}],"wp:term":[{"taxonomy":"category","embeddable":true,"href":"https:\/\/tmfwarszawa.pl\/index.php\/wp-json\/wp\/v2\/categories?post=127"},{"taxonomy":"post_tag","embeddable":true,"href":"https:\/\/tmfwarszawa.pl\/index.php\/wp-json\/wp\/v2\/tags?post=127"}],"curies":[{"name":"wp","href":"https:\/\/api.w.org\/{rel}","templated":true}]}}